{"id":25251,"date":"2026-04-29T09:58:17","date_gmt":"2026-04-29T07:58:17","guid":{"rendered":"https:\/\/laresidenciatarifa.com\/tarifa-in-winter-things-to-do-weather-and-tips-for-your-getaway\/"},"modified":"2026-04-29T11:50:12","modified_gmt":"2026-04-29T09:50:12","slug":"tarifa-in-winter-things-to-do-weather-and-tips-for-your-getaway","status":"publish","type":"post","link":"https:\/\/laresidenciatarifa.com\/en\/tarifa-in-winter-things-to-do-weather-and-tips-for-your-getaway\/","title":{"rendered":"Tarifa in winter: things to do, weather and tips for your getaway"},"content":{"rendered":"\n<p>Visiting Tarifa in winter is not a second-best alternative to summer. It is an entirely different experience. Between November and March, the southernmost town in mainland Europe shifts its pace, empties of crowds and reveals its most authentic side. <\/p>\n\n\n\n<div style=\"height:20px\" aria-hidden=\"true\" class=\"wp-block-spacer\"><\/div>\n\n\n\n<div class=\"wp-block-buttons is-content-justification-center is-layout-flex wp-container-core-buttons-is-layout-16018d1d wp-block-buttons-is-layout-flex\">\n<div class=\"wp-block-button\"><a class=\"wp-block-button__link has-white-color has-text-color has-background wp-element-button\" href=\"https:\/\/laresidenciatarifa.com\/en\/apartments-offers\/\" style=\"background-color:#3a88b8\">Find the best deals on apartments in Tarifa<\/a><\/div>\n<\/div>\n\n\n\n<div style=\"height:40px\" aria-hidden=\"true\" class=\"wp-block-spacer\"><\/div>\n\n\n\n<p>In this guide you will find everything you need to know before planning your trip: what the weather is really like, which activities work best in the low season, what to eat and how to get the most out of a destination that many underestimate outside the warm months. Let us get started. <\/p>\n\n\n\n<div style=\"height:40px\" aria-hidden=\"true\" class=\"wp-block-spacer\"><\/div>\n\n\n\n<div style=\"height:40px\" aria-hidden=\"true\" class=\"wp-block-spacer\"><\/div>\n\n\n\n<h2 class=\"wp-block-heading\"><strong>Why Tarifa is a winter destination unlike the rest of Andalusia<\/strong><\/h2>\n\n\n\n<p>Tarifa is the southernmost city in mainland Europe, the exact point where the Atlantic meets the Mediterranean and where Africa lies just fourteen kilometres across the water. That unique position makes winter here quite unlike anything else in Andalusia: windier, brighter and far less crowded than other towns in the south. <\/p>\n\n\n\n<p>While activity in other Andalusian spots drops to a minimum during the cold months, something different happens here. The town stays alive. The cafes in the old quarter remain open, kitesurfers keep slicing through the Strait in gusts of Levante, and the sky becomes a quiet spectacle of migrating birds.  <\/p>\n\n\n\n<p>If you are looking for a getaway that feels like no other, Tarifa in winter delivers a genuine experience, free from the summer crowds. It is the time of year when the town belongs to the people who live here, and visitors get to discover it without any filter. <\/p>\n\n\n\n<div style=\"height:20px\" aria-hidden=\"true\" class=\"wp-block-spacer\"><\/div>\n\n\n\n<h2 class=\"wp-block-heading\"><strong>The weather in Tarifa in winter: what to really expect<\/strong><\/h2>\n\n\n\n<p>Winter in Tarifa is generally mild and bright. <strong>Daytime highs hover around 16-18 \u00b0C<\/strong> during the coldest months, and lows <strong>rarely dip below 8-10 \u00b0C<\/strong>, even in January. Snowfall is simply unheard of.  <\/p>\n\n\n\n<p>What truly defines the cold months here is the <strong>wind<\/strong>. The Levante and Poniente take turns dominating the weather throughout the season, and it helps to know the difference before you travel: <\/p>\n\n\n\n<ul class=\"wp-block-list\">\n<li><strong>The Levante<\/strong> is a strong, dry and warm wind from the east. Gusts can exceed 50 km\/h. It draws kitesurfers and experienced surfers but leaves the south-facing beaches exposed.  <\/li>\n\n\n\n<li><strong>The Poniente<\/strong> is a cooler, wetter wind from the west. It brings clouds, occasional rain and clean sea conditions in the Strait area, ideal for walking or sailing. <\/li>\n<\/ul>\n\n\n\n<p>When it comes to rainfall, November and December are the wettest months, although rain can extend into February and even March depending on the year. Even so, the overall average is low compared to northern Spain, and between rainy spells you will enjoy clear, bright days when Africa appears on the horizon with striking clarity. <\/p>\n\n\n\n<p>In short, if you are after sunshine without the summer heat, Tarifa in winter more than delivers. Just make sure you pack a good windbreaker. <\/p>\n\n\n\n<div style=\"height:20px\" aria-hidden=\"true\" class=\"wp-block-spacer\"><\/div>\n\n\n\n<h2 class=\"wp-block-heading\"><strong>Things to do in Tarifa in winter<\/strong><\/h2>\n\n\n\n<p>The cold season is not a dead period but a different version of the destination. These are the activities that work best between November and March. <\/p>\n\n\n\n<div style=\"height:20px\" aria-hidden=\"true\" class=\"wp-block-spacer\"><\/div>\n\n\n\n<h3 class=\"wp-block-heading\">Hiking through the Strait Natural Park<\/h3>\n\n\n\n<p>Winter is arguably the <strong>best time of year to explore the Strait Natural Park on foot<\/strong>. Temperatures are comfortable for walking, the vegetation is still green after the rains and the trails are virtually empty. <\/p>\n\n\n\n<p>From short paths suitable for any fitness level to more demanding coastal traverses, the range of options is broad. In our article on <a href=\"https:\/\/laresidenciatarifa.com\/en\/trekking-in-tarifa-10-routes-not-to-be-missed\/\">trekking in Tarifa: 10 routes not to be missed<\/a> you will find specific suggestions with difficulty, distance and practical details. <\/p>\n\n\n\n<div style=\"height:20px\" aria-hidden=\"true\" class=\"wp-block-spacer\"><\/div>\n\n\n<style>.kb-image25251_955e46-0a .kb-image-has-overlay:after{opacity:0.3;}<\/style>\n<div class=\"wp-block-kadence-image kb-image25251_955e46-0a\"><figure class=\"aligncenter size-large\"><img fetchpriority=\"high\" decoding=\"async\" width=\"1024\" height=\"536\" src=\"https:\/\/laresidenciatarifa.com\/wp-content\/uploads\/2026\/04\/senderismo-parque-natural-estrecho-1024x536.webp\" alt=\"Sendero del Parque Natural del Estrecho durante el invierno\" class=\"kb-img wp-image-25233\" srcset=\"https:\/\/laresidenciatarifa.com\/wp-content\/uploads\/2026\/04\/senderismo-parque-natural-estrecho-1024x536.webp 1024w, https:\/\/laresidenciatarifa.com\/wp-content\/uploads\/2026\/04\/senderismo-parque-natural-estrecho-300x157.webp 300w, https:\/\/laresidenciatarifa.com\/wp-content\/uploads\/2026\/04\/senderismo-parque-natural-estrecho-768x402.webp 768w, https:\/\/laresidenciatarifa.com\/wp-content\/uploads\/2026\/04\/senderismo-parque-natural-estrecho.webp 1200w\" sizes=\"(max-width: 1024px) 100vw, 1024px\" \/><\/figure><\/div>\n\n\n\n<div style=\"height:20px\" aria-hidden=\"true\" class=\"wp-block-spacer\"><\/div>\n\n\n\n<h3 class=\"wp-block-heading\">Winter birdwatching<\/h3>\n\n\n\n<p>Although the great migration passages of storks and raptors concentrate in spring and autumn, winter has its own ornithological appeal.<strong> Wintering species arrive from northern Europe,<\/strong> seabirds cross the Strait and the La Janda lagoon becomes a refuge for waders and waterfowl. <\/p>\n\n\n\n<p>If you would like to explore this side of Tarifa in depth, take a look at our full <a href=\"https:\/\/laresidenciatarifa.com\/descubre-el-birding-en-tarifa\/\">guide to birdwatching in Tarifa<\/a> (currently available in Spanish).<\/p>\n\n\n\n<div style=\"height:20px\" aria-hidden=\"true\" class=\"wp-block-spacer\"><\/div>\n\n\n\n<h3 class=\"wp-block-heading\">Kitesurf y windsurf en temporada baja<\/h3>\n\n\n\n<p>Para muchos viajeros, el kitesurf es la raz\u00f3n principal del desplazamiento, y el invierno tiene sus ventajas: los <strong>vientos de Levante son potentes y constantes<\/strong>, las playas est\u00e1n casi vac\u00edas y las escuelas ofrecen tarifas m\u00e1s accesibles que en verano.<\/p>\n\n\n\n<p>The water is cold, though. You will need a thick wetsuit, but the feeling of riding across the Strait in near solitude is worth every degree. Find out more in our <a href=\"https:\/\/laresidenciatarifa.com\/en\/kitesurfing-in-tarifa-enjoy-the-adventure-in-apartamentos-la-residencia\/\">guide to kitesurfing in Tarifa<\/a>.  <\/p>\n\n\n\n<div style=\"height:20px\" aria-hidden=\"true\" class=\"wp-block-spacer\"><\/div>\n\n\n<style>.kb-image25251_c8e86d-10 .kb-image-has-overlay:after{opacity:0.3;}<\/style>\n<div class=\"wp-block-kadence-image kb-image25251_c8e86d-10\"><figure class=\"aligncenter size-large\"><img decoding=\"async\" width=\"1024\" height=\"536\" src=\"https:\/\/laresidenciatarifa.com\/wp-content\/uploads\/2026\/04\/kitesurf-tarifa-invierno-1024x536.webp\" alt=\"Kitesurfista surcando el Estrecho de Gibraltar con viento de Levante\" class=\"kb-img wp-image-25237\" srcset=\"https:\/\/laresidenciatarifa.com\/wp-content\/uploads\/2026\/04\/kitesurf-tarifa-invierno-1024x536.webp 1024w, https:\/\/laresidenciatarifa.com\/wp-content\/uploads\/2026\/04\/kitesurf-tarifa-invierno-300x157.webp 300w, https:\/\/laresidenciatarifa.com\/wp-content\/uploads\/2026\/04\/kitesurf-tarifa-invierno-768x402.webp 768w, https:\/\/laresidenciatarifa.com\/wp-content\/uploads\/2026\/04\/kitesurf-tarifa-invierno.webp 1200w\" sizes=\"(max-width: 1024px) 100vw, 1024px\" \/><\/figure><\/div>\n\n\n\n<div style=\"height:20px\" aria-hidden=\"true\" class=\"wp-block-spacer\"><\/div>\n\n\n\n<h3 class=\"wp-block-heading\">Whale and dolphin watching<\/h3>\n\n\n\n<p>The cold months offer the chance to spot <strong>common dolphins, striped dolphins and pilot whales<\/strong>, resident species that inhabit the Strait year-round. It is a different experience from summer, when orcas take centre stage. <\/p>\n\n\n\n<p>If you are visiting during the warmer months and are interested in orca sightings, have a look at our article <a href=\"https:\/\/laresidenciatarifa.com\/en\/when-to-see-orcas-in-tarifa\/\">When to see orcas in Tarifa<\/a>. For winter, check with local whale-watching operators, as some maintain regular departures when sea conditions allow. <\/p>\n\n\n\n<div style=\"height:20px\" aria-hidden=\"true\" class=\"wp-block-spacer\"><\/div>\n\n\n\n<h3 class=\"wp-block-heading\">Strolling through the walled old town<\/h3>\n\n\n\n<p>The old quarter, sheltered behind its medieval walls, takes on a special charm in winter. Its whitewashed lanes, almost empty of tourists, invite you to wander unhurried between the Puerta de Jerez, the church of San Mateo and the castle of Guzman el Bueno. <\/p>\n\n\n\n<p>It is the perfect time to step into a Moroccan tea house, <strong>sip mint tea looking out to sea and discover corners that go unnoticed<\/strong> in the summer crowd. For more ideas, our post on <a href=\"https:\/\/laresidenciatarifa.com\/en\/what-to-see-in-tarifa\/\">what to see in Tarifa<\/a> will come in handy. <\/p>\n\n\n\n<div style=\"height:20px\" aria-hidden=\"true\" class=\"wp-block-spacer\"><\/div>\n\n\n\n<h3 class=\"wp-block-heading\">Seasonal food<\/h3>\n\n\n\n<p>Although a good number of restaurants and bars close during the low season, those that remain open more than make up for it. With fewer diners, the atmosphere is more personal, the produce is genuinely seasonal and dishes that go unnoticed in summer take centre stage. <\/p>\n\n\n\n<p>Preserved almadraba bluefin tuna in its many varieties, retinto beef slow-cooked in hearty stews and fresh seafood prepared without rush are among the highlights. Having a fully equipped kitchen in your accommodation also means you can complement eating out with home-cooked meals using produce from the local market. <\/p>\n\n\n\n<div style=\"height:40px\" aria-hidden=\"true\" class=\"wp-block-spacer\"><\/div>\n\n\n\n<h2 class=\"wp-block-heading\"><strong>The beaches of Tarifa in winter: a different way to enjoy them<\/strong><\/h2>\n\n\n\n<p>Swimming may be off the table, but the beaches of Tarifa are a destination in their own right during the cold months. Los Lances, Valdevaqueros, Bolonia and nearby La Caleta transform into raw, pristine natural settings. <\/p>\n\n\n\n<p>You can <strong>walk for miles<\/strong> without meeting a soul, photograph sunsets that paint the sky orange against the African silhouette, try your hand at <strong>shore fishing<\/strong> or simply sit and listen to the wind.<\/p>\n\n\n\n<p>Outside peak season, many beaches also allow dogs, making them a perfect playground for those travelling with pets. Valdevaqueros, with its enormous dune, is a favourite for this. <\/p>\n\n\n\n<div style=\"height:20px\" aria-hidden=\"true\" class=\"wp-block-spacer\"><\/div>\n\n\n<style>.kb-image25251_d54038-be .kb-image-has-overlay:after{opacity:0.3;}<\/style>\n<div class=\"wp-block-kadence-image kb-image25251_d54038-be\"><figure class=\"aligncenter size-large\"><img decoding=\"async\" width=\"1024\" height=\"536\" src=\"https:\/\/laresidenciatarifa.com\/wp-content\/uploads\/2026\/04\/playa-valdevaqueros-tarifa-1024x536.webp\" alt=\"Playa de Valdevaqueros en invierno, cielo despejado\" class=\"kb-img wp-image-25241\" srcset=\"https:\/\/laresidenciatarifa.com\/wp-content\/uploads\/2026\/04\/playa-valdevaqueros-tarifa-1024x536.webp 1024w, https:\/\/laresidenciatarifa.com\/wp-content\/uploads\/2026\/04\/playa-valdevaqueros-tarifa-300x157.webp 300w, https:\/\/laresidenciatarifa.com\/wp-content\/uploads\/2026\/04\/playa-valdevaqueros-tarifa-768x402.webp 768w, https:\/\/laresidenciatarifa.com\/wp-content\/uploads\/2026\/04\/playa-valdevaqueros-tarifa.webp 1200w\" sizes=\"(max-width: 1024px) 100vw, 1024px\" \/><\/figure><\/div>\n\n\n\n<div style=\"height:20px\" aria-hidden=\"true\" class=\"wp-block-spacer\"><\/div>\n\n\n\n<h2 class=\"wp-block-heading\"><strong>Winter events and traditions in Tarifa<\/strong><\/h2>\n\n\n\n<p>The winter calendar in Tarifa has its own highlights, low-key but charming and a world away from mass tourism.<\/p>\n\n\n\n<p><strong>Christmas in the old town<\/strong> is celebrated with quiet Andalusian warmth: lights on the squares, carols in the church of San Mateo and occasional street markets. The <strong>Three Kings parade<\/strong> winds through the narrow streets with a family atmosphere reminiscent of a bygone Spain. <\/p>\n\n\n\n<p>M\u00e1s adelante, el <strong>Carnaval<\/strong> se nota especialmente si extiendes tu visita hacia C\u00e1diz capital, donde la celebraci\u00f3n alcanza dimensiones memorables. Tarifa, a menos de una hora en coche, funciona como base tranquila para acercarte y volver sin meterte en el caos urbano. <\/p>\n\n\n\n<div style=\"height:40px\" aria-hidden=\"true\" class=\"wp-block-spacer\"><\/div>\n\n\n\n<h2 class=\"wp-block-heading\"><strong>Practical tips for your winter getaway<\/strong><\/h2>\n\n\n\n<p>A few key pointers will make all the difference compared to a summer trip.<\/p>\n\n\n<style>.wp-block-kadence-iconlist.kt-svg-icon-list-items25251_85b4b1-75:not(.this-stops-third-party-issues){margin-top:0px;margin-bottom:0px;}.wp-block-kadence-iconlist.kt-svg-icon-list-items25251_85b4b1-75 ul.kt-svg-icon-list:not(.this-prevents-issues):not(.this-stops-third-party-issues):not(.tijsloc){margin-top:0px;margin-right:0px;margin-bottom:var(--global-kb-spacing-sm, 1.5rem);margin-left:0px;}.wp-block-kadence-iconlist.kt-svg-icon-list-items25251_85b4b1-75 ul.kt-svg-icon-list{grid-row-gap:5px;}.wp-block-kadence-iconlist.kt-svg-icon-list-items25251_85b4b1-75 .kb-svg-icon-wrap{font-size:25px;}.wp-block-kadence-iconlist.kt-svg-icon-list-items25251_85b4b1-75 ul.kt-svg-icon-list .kt-svg-icon-list-item-wrap .kt-svg-icon-list-single{margin-right:10px;}.kt-svg-icon-list-items25251_85b4b1-75 ul.kt-svg-icon-list .kt-svg-icon-list-level-0 .kt-svg-icon-list-single svg{font-size:20px;}<\/style>\n<div class=\"wp-block-kadence-iconlist kt-svg-icon-list-items kt-svg-icon-list-items25251_85b4b1-75 kt-svg-icon-list-columns-1 alignnone\"><ul class=\"kt-svg-icon-list\"><style>.kt-svg-icon-list-item-25251_dfc28c-83 .kt-svg-icon-list-text mark.kt-highlight{background-color:unset;font-style:normal;color:#f76a0c;-webkit-box-decoration-break:clone;box-decoration-break:clone;padding-top:0px;padding-right:0px;padding-bottom:0px;padding-left:0px;}<\/style>\n<li class=\"wp-block-kadence-listitem kt-svg-icon-list-item-wrap kt-svg-icon-list-item-25251_dfc28c-83\"><span class=\"kb-svg-icon-wrap kb-svg-icon-fas_suitcase-rolling kt-svg-icon-list-single\"><svg viewBox=\"0 0 384 512\"  fill=\"currentColor\" xmlns=\"http:\/\/www.w3.org\/2000\/svg\"  aria-hidden=\"true\"><path d=\"M336 160H48c-26.51 0-48 21.49-48 48v224c0 26.51 21.49 48 48 48h16v16c0 8.84 7.16 16 16 16h32c8.84 0 16-7.16 16-16v-16h128v16c0 8.84 7.16 16 16 16h32c8.84 0 16-7.16 16-16v-16h16c26.51 0 48-21.49 48-48V208c0-26.51-21.49-48-48-48zm-16 216c0 4.42-3.58 8-8 8H72c-4.42 0-8-3.58-8-8v-16c0-4.42 3.58-8 8-8h240c4.42 0 8 3.58 8 8v16zm0-96c0 4.42-3.58 8-8 8H72c-4.42 0-8-3.58-8-8v-16c0-4.42 3.58-8 8-8h240c4.42 0 8 3.58 8 8v16zM144 48h96v80h48V48c0-26.51-21.49-48-48-48h-96c-26.51 0-48 21.49-48 48v80h48V48z\"\/><\/svg><\/span><span class=\"kt-svg-icon-list-text\"><strong>Clothing<\/strong>: prepare for the wind. A windbreaker, a hooded jacket, layers and comfortable shoes with a firm sole if you plan to walk along the coast. Wind chill can make it feel much colder than the thermometer suggests.  <\/span><\/li>\n\n\n<style>.kt-svg-icon-list-item-25251_123705-52 .kt-svg-icon-list-text mark.kt-highlight{background-color:unset;font-style:normal;color:#f76a0c;-webkit-box-decoration-break:clone;box-decoration-break:clone;padding-top:0px;padding-right:0px;padding-bottom:0px;padding-left:0px;}<\/style>\n<li class=\"wp-block-kadence-listitem kt-svg-icon-list-item-wrap kt-svg-icon-list-item-25251_123705-52\"><span class=\"kb-svg-icon-wrap kb-svg-icon-fas_calendar-alt kt-svg-icon-list-single\"><svg viewBox=\"0 0 448 512\"  fill=\"currentColor\" xmlns=\"http:\/\/www.w3.org\/2000\/svg\"  aria-hidden=\"true\"><path d=\"M436 160H12c-6.6 0-12-5.4-12-12v-36c0-26.5 21.5-48 48-48h48V12c0-6.6 5.4-12 12-12h40c6.6 0 12 5.4 12 12v52h128V12c0-6.6 5.4-12 12-12h40c6.6 0 12 5.4 12 12v52h48c26.5 0 48 21.5 48 48v36c0 6.6-5.4 12-12 12zM12 192h424c6.6 0 12 5.4 12 12v260c0 26.5-21.5 48-48 48H48c-26.5 0-48-21.5-48-48V204c0-6.6 5.4-12 12-12zm116 204c0-6.6-5.4-12-12-12H76c-6.6 0-12 5.4-12 12v40c0 6.6 5.4 12 12 12h40c6.6 0 12-5.4 12-12v-40zm0-128c0-6.6-5.4-12-12-12H76c-6.6 0-12 5.4-12 12v40c0 6.6 5.4 12 12 12h40c6.6 0 12-5.4 12-12v-40zm128 128c0-6.6-5.4-12-12-12h-40c-6.6 0-12 5.4-12 12v40c0 6.6 5.4 12 12 12h40c6.6 0 12-5.4 12-12v-40zm0-128c0-6.6-5.4-12-12-12h-40c-6.6 0-12 5.4-12 12v40c0 6.6 5.4 12 12 12h40c6.6 0 12-5.4 12-12v-40zm128 128c0-6.6-5.4-12-12-12h-40c-6.6 0-12 5.4-12 12v40c0 6.6 5.4 12 12 12h40c6.6 0 12-5.4 12-12v-40zm0-128c0-6.6-5.4-12-12-12h-40c-6.6 0-12 5.4-12 12v40c0 6.6 5.4 12 12 12h40c6.6 0 12-5.4 12-12v-40z\"\/><\/svg><\/span><span class=\"kt-svg-icon-list-text\">Length of stay: with fewer hours of daylight, the days feel shorter. We recommend a minimum of three or four nights so you do not feel rushed. If you can stretch it to a week, the destination really opens up.  <\/span><\/li>\n\n\n<style>.kt-svg-icon-list-item-25251_63edcf-a7 .kt-svg-icon-list-text mark.kt-highlight{background-color:unset;font-style:normal;color:#f76a0c;-webkit-box-decoration-break:clone;box-decoration-break:clone;padding-top:0px;padding-right:0px;padding-bottom:0px;padding-left:0px;}<\/style>\n<li class=\"wp-block-kadence-listitem kt-svg-icon-list-item-wrap kt-svg-icon-list-item-25251_63edcf-a7\"><span class=\"kb-svg-icon-wrap kb-svg-icon-fas_user-check kt-svg-icon-list-single\"><svg viewBox=\"0 0 640 512\"  fill=\"currentColor\" xmlns=\"http:\/\/www.w3.org\/2000\/svg\"  aria-hidden=\"true\"><path d=\"M224 256c70.7 0 128-57.3 128-128S294.7 0 224 0 96 57.3 96 128s57.3 128 128 128zm89.6 32h-16.7c-22.2 10.2-46.9 16-72.9 16s-50.6-5.8-72.9-16h-16.7C60.2 288 0 348.2 0 422.4V464c0 26.5 21.5 48 48 48h352c26.5 0 48-21.5 48-48v-41.6c0-74.2-60.2-134.4-134.4-134.4zm323-128.4l-27.8-28.1c-4.6-4.7-12.1-4.7-16.8-.1l-104.8 104-45.5-45.8c-4.6-4.7-12.1-4.7-16.8-.1l-28.1 27.9c-4.7 4.6-4.7 12.1-.1 16.8l81.7 82.3c4.6 4.7 12.1 4.7 16.8.1l141.3-140.2c4.6-4.7 4.7-12.2.1-16.8z\"\/><\/svg><\/span><span class=\"kt-svg-icon-list-text\"><strong>Booking<\/strong>: although it is low season, the December bank holidays, Christmas, New Year and mid-February school break attract visitors. Book ahead if you are travelling on those dates. <\/span><\/li>\n\n\n<style>.kt-svg-icon-list-item-25251_f66812-85 .kt-svg-icon-list-text mark.kt-highlight{background-color:unset;font-style:normal;color:#f76a0c;-webkit-box-decoration-break:clone;box-decoration-break:clone;padding-top:0px;padding-right:0px;padding-bottom:0px;padding-left:0px;}<\/style>\n<li class=\"wp-block-kadence-listitem kt-svg-icon-list-item-wrap kt-svg-icon-list-item-25251_f66812-85\"><span class=\"kb-svg-icon-wrap kb-svg-icon-fas_car-alt kt-svg-icon-list-single\"><svg viewBox=\"0 0 480 512\"  fill=\"currentColor\" xmlns=\"http:\/\/www.w3.org\/2000\/svg\"  aria-hidden=\"true\"><path d=\"M438.66 212.33l-11.24-28.1-19.93-49.83C390.38 91.63 349.57 64 303.5 64h-127c-46.06 0-86.88 27.63-103.99 70.4l-19.93 49.83-11.24 28.1C17.22 221.5 0 244.66 0 272v48c0 16.12 6.16 30.67 16 41.93V416c0 17.67 14.33 32 32 32h32c17.67 0 32-14.33 32-32v-32h256v32c0 17.67 14.33 32 32 32h32c17.67 0 32-14.33 32-32v-54.07c9.84-11.25 16-25.8 16-41.93v-48c0-27.34-17.22-50.5-41.34-59.67zm-306.73-54.16c7.29-18.22 24.94-30.17 44.57-30.17h127c19.63 0 37.28 11.95 44.57 30.17L368 208H112l19.93-49.83zM80 319.8c-19.2 0-32-12.76-32-31.9S60.8 256 80 256s48 28.71 48 47.85-28.8 15.95-48 15.95zm320 0c-19.2 0-48 3.19-48-15.95S380.8 256 400 256s32 12.76 32 31.9-12.8 31.9-32 31.9z\"\/><\/svg><\/span><span class=\"kt-svg-icon-list-text\">Getting around: a car is useful for reaching remote beaches and hiking trailheads, but if you are staying in the old town most everyday plans are within walking distance.<\/span><\/li>\n<\/ul><\/div>\n\n\n\n<div style=\"height:40px\" aria-hidden=\"true\" class=\"wp-block-spacer\"><\/div>\n\n\n\n<h2 class=\"wp-block-heading\"><strong>Apartamentos La Residencia Tarifa, your perfect winter base<\/strong><\/h2>\n\n\n\n<p>When the wind is howling and the evenings draw in early, the difference between an ordinary getaway and a memorable one comes down to where you stay. Apartamentos La Residencia Tarifa is designed for you to enjoy winter without compromise. <\/p>\n\n\n\n<p>Set in a historic 1950s building within the old town walls, our apartments offer direct views of the Strait of Gibraltar and the African coast. Facilities include a heated <strong>infinity pool open all year round<\/strong>, a sauna with floor-to-ceiling sea views and a rooftop terrace where the sunsets take on a dimension of their own. <\/p>\n\n\n\n<div style=\"height:20px\" aria-hidden=\"true\" class=\"wp-block-spacer\"><\/div>\n\n\n<style>.kb-image25251_cf4c29-e7 .kb-image-has-overlay:after{opacity:0.3;}<\/style>\n<div class=\"wp-block-kadence-image kb-image25251_cf4c29-e7\"><figure class=\"aligncenter\"><img loading=\"lazy\" decoding=\"async\" width=\"1200\" height=\"800\" src=\"https:\/\/laresidenciatarifa.com\/wp-content\/uploads\/2025\/08\/apartamentos-la-residencia-alojamiento-larga-estancia-piscina.jpg\" alt=\"Piscina climatizada de Apartamentos La Residencia Tarifa con vistas al Estrecho\" class=\"kb-img wp-image-20202\" srcset=\"https:\/\/laresidenciatarifa.com\/wp-content\/uploads\/2025\/08\/apartamentos-la-residencia-alojamiento-larga-estancia-piscina.jpg 1200w, https:\/\/laresidenciatarifa.com\/wp-content\/uploads\/2025\/08\/apartamentos-la-residencia-alojamiento-larga-estancia-piscina-300x200.jpg 300w, https:\/\/laresidenciatarifa.com\/wp-content\/uploads\/2025\/08\/apartamentos-la-residencia-alojamiento-larga-estancia-piscina-1024x683.jpg 1024w, https:\/\/laresidenciatarifa.com\/wp-content\/uploads\/2025\/08\/apartamentos-la-residencia-alojamiento-larga-estancia-piscina-768x512.jpg 768w\" sizes=\"(max-width: 1200px) 100vw, 1200px\" \/><\/figure><\/div>\n\n\n\n<div style=\"height:20px\" aria-hidden=\"true\" class=\"wp-block-spacer\"><\/div>\n\n\n\n<p>Every apartment comes fully equipped with a modern kitchen and air conditioning with <strong>heat pump (heating and cooling)<\/strong>, so you choose the indoor temperature. Some apartments also feature a <strong>fireplace<\/strong>, and every bathroom has <strong>independent heating<\/strong>. In winter, that makes all the difference: you come back from a windy day and find a warm space where you can unwind at your own pace, cook dinner with produce from the local market or simply enjoy the views with a blanket and a good book. Browse all available options on the <a href=\"https:\/\/laresidenciatarifa.com\/en\/our-apartments\/\">Apartamentos La Residencia Tarifa page<\/a>.   <\/p>\n\n\n\n<div style=\"height:20px\" aria-hidden=\"true\" class=\"wp-block-spacer\"><\/div>\n\n\n\n<div class=\"wp-block-buttons is-content-justification-center is-layout-flex wp-container-core-buttons-is-layout-16018d1d wp-block-buttons-is-layout-flex\">\n<div class=\"wp-block-button\"><a class=\"wp-block-button__link has-white-color has-text-color has-background wp-element-button\" href=\"https:\/\/laresidenciatarifa.com\/en\/apartments-offers\/\" style=\"background-color:#3a88b8\">Find the best deals on apartments in Tarifa<\/a><\/div>\n<\/div>\n\n\n\n<div style=\"height:40px\" aria-hidden=\"true\" class=\"wp-block-spacer\"><\/div>\n\n\n\n<p>If you are planning a longer stay, something increasingly common among remote workers and those looking to spend the cold months somewhere mild, check out our special conditions for <a href=\"https:\/\/laresidenciatarifa.com\/en\/long-term-stay-in-tarifa\/\">long-term stays in Tarifa<\/a>. We offer personalised rates for extended bookings. <\/p>\n\n\n\n<div style=\"height:40px\" aria-hidden=\"true\" class=\"wp-block-spacer\"><\/div>\n\n\n\n<h2 class=\"wp-block-heading\"><strong>Frequently asked questions about visiting Tarifa in winter<\/strong><\/h2>\n\n\n<style>.kt-accordion-id25251_814fc4-80 .kt-accordion-inner-wrap{column-gap:var(--global-kb-gap-md, 2rem);row-gap:8px;}.kt-accordion-id25251_814fc4-80 .kt-accordion-panel-inner{border-top:0px solid transparent;border-right:0px solid transparent;border-bottom:0px solid transparent;border-left:0px solid transparent;background:#ffffff;padding-top:var(--global-kb-spacing-sm, 1.5rem);padding-right:var(--global-kb-spacing-sm, 1.5rem);padding-bottom:var(--global-kb-spacing-sm, 1.5rem);padding-left:var(--global-kb-spacing-sm, 1.5rem);}.kt-accordion-id25251_814fc4-80 > .kt-accordion-inner-wrap > .wp-block-kadence-pane > .kt-accordion-header-wrap > .kt-blocks-accordion-header{border-top:0px solid #949494;border-right:0px solid #949494;border-bottom:4px solid #949494;border-left:0px solid #949494;border-top-left-radius:0px;border-top-right-radius:0px;border-bottom-right-radius:0px;border-bottom-left-radius:0px;background:#ffffff;font-size:26px;color:#444444;padding-top:14px;padding-right:10px;padding-bottom:6px;padding-left:16px;}.kt-accordion-id25251_814fc4-80:not( .kt-accodion-icon-style-basiccircle ):not( .kt-accodion-icon-style-xclosecircle ):not( .kt-accodion-icon-style-arrowcircle )  > .kt-accordion-inner-wrap > .wp-block-kadence-pane > .kt-accordion-header-wrap .kt-blocks-accordion-icon-trigger:after, .kt-accordion-id25251_814fc4-80:not( .kt-accodion-icon-style-basiccircle ):not( .kt-accodion-icon-style-xclosecircle ):not( .kt-accodion-icon-style-arrowcircle )  > .kt-accordion-inner-wrap > .wp-block-kadence-pane > .kt-accordion-header-wrap .kt-blocks-accordion-icon-trigger:before{background:#444444;}.kt-accordion-id25251_814fc4-80:not( .kt-accodion-icon-style-basic ):not( .kt-accodion-icon-style-xclose ):not( .kt-accodion-icon-style-arrow ) .kt-blocks-accordion-icon-trigger{background:#444444;}.kt-accordion-id25251_814fc4-80:not( .kt-accodion-icon-style-basic ):not( .kt-accodion-icon-style-xclose ):not( .kt-accodion-icon-style-arrow ) .kt-blocks-accordion-icon-trigger:after, .kt-accordion-id25251_814fc4-80:not( .kt-accodion-icon-style-basic ):not( .kt-accodion-icon-style-xclose ):not( .kt-accodion-icon-style-arrow ) .kt-blocks-accordion-icon-trigger:before{background:#ffffff;}.kt-accordion-id25251_814fc4-80 > .kt-accordion-inner-wrap > .wp-block-kadence-pane > .kt-accordion-header-wrap > .kt-blocks-accordion-header:hover, \n\t\t\t\tbody:not(.hide-focus-outline) .kt-accordion-id25251_814fc4-80 .kt-blocks-accordion-header:focus-visible{color:#444444;background:#ffffff;border-top-color:#474747;border-top-style:solid;border-right-color:#474747;border-right-style:solid;border-bottom-color:#474747;border-bottom-style:solid;border-left-color:#474747;border-left-style:solid;}.kt-accordion-id25251_814fc4-80:not( .kt-accodion-icon-style-basiccircle ):not( .kt-accodion-icon-style-xclosecircle ):not( .kt-accodion-icon-style-arrowcircle ) .kt-accordion-header-wrap .kt-blocks-accordion-header:hover .kt-blocks-accordion-icon-trigger:after, .kt-accordion-id25251_814fc4-80:not( .kt-accodion-icon-style-basiccircle ):not( .kt-accodion-icon-style-xclosecircle ):not( .kt-accodion-icon-style-arrowcircle ) .kt-accordion-header-wrap .kt-blocks-accordion-header:hover .kt-blocks-accordion-icon-trigger:before, body:not(.hide-focus-outline) .kt-accordion-id25251_814fc4-80:not( .kt-accodion-icon-style-basiccircle ):not( .kt-accodion-icon-style-xclosecircle ):not( .kt-accodion-icon-style-arrowcircle ) .kt-blocks-accordion--visible .kt-blocks-accordion-icon-trigger:after, body:not(.hide-focus-outline) .kt-accordion-id25251_814fc4-80:not( .kt-accodion-icon-style-basiccircle ):not( .kt-accodion-icon-style-xclosecircle ):not( .kt-accodion-icon-style-arrowcircle ) .kt-blocks-accordion-header:focus-visible .kt-blocks-accordion-icon-trigger:before{background:#444444;}.kt-accordion-id25251_814fc4-80:not( .kt-accodion-icon-style-basic ):not( .kt-accodion-icon-style-xclose ):not( .kt-accodion-icon-style-arrow ) .kt-accordion-header-wrap .kt-blocks-accordion-header:hover .kt-blocks-accordion-icon-trigger, body:not(.hide-focus-outline) .kt-accordion-id25251_814fc4-80:not( .kt-accodion-icon-style-basic ):not( .kt-accodion-icon-style-xclose ):not( .kt-accodion-icon-style-arrow ) .kt-accordion-header-wrap .kt-blocks-accordion-header:focus-visible .kt-blocks-accordion-icon-trigger{background:#444444;}.kt-accordion-id25251_814fc4-80:not( .kt-accodion-icon-style-basic ):not( .kt-accodion-icon-style-xclose ):not( .kt-accodion-icon-style-arrow ) .kt-accordion-header-wrap .kt-blocks-accordion-header:hover .kt-blocks-accordion-icon-trigger:after, .kt-accordion-id25251_814fc4-80:not( .kt-accodion-icon-style-basic ):not( .kt-accodion-icon-style-xclose ):not( .kt-accodion-icon-style-arrow ) .kt-accordion-header-wrap .kt-blocks-accordion-header:hover .kt-blocks-accordion-icon-trigger:before, body:not(.hide-focus-outline) .kt-accordion-id25251_814fc4-80:not( .kt-accodion-icon-style-basic ):not( .kt-accodion-icon-style-xclose ):not( .kt-accodion-icon-style-arrow ) .kt-accordion-header-wrap .kt-blocks-accordion-header:focus-visible .kt-blocks-accordion-icon-trigger:after, body:not(.hide-focus-outline) .kt-accordion-id25251_814fc4-80:not( .kt-accodion-icon-style-basic ):not( .kt-accodion-icon-style-xclose ):not( .kt-accodion-icon-style-arrow ) .kt-accordion-header-wrap .kt-blocks-accordion-header:focus-visible .kt-blocks-accordion-icon-trigger:before{background:#ffffff;}.kt-accordion-id25251_814fc4-80 .kt-accordion-header-wrap .kt-blocks-accordion-header:focus-visible,\n\t\t\t\t.kt-accordion-id25251_814fc4-80 > .kt-accordion-inner-wrap > .wp-block-kadence-pane > .kt-accordion-header-wrap > .kt-blocks-accordion-header.kt-accordion-panel-active{color:#333333;background:#ffffff;border-top-color:#7997ba;border-top-style:solid;border-right-color:#7997ba;border-right-style:solid;border-bottom-color:#7997ba;border-bottom-style:solid;border-left-color:#7997ba;border-left-style:solid;}.kt-accordion-id25251_814fc4-80:not( .kt-accodion-icon-style-basiccircle ):not( .kt-accodion-icon-style-xclosecircle ):not( .kt-accodion-icon-style-arrowcircle )  > .kt-accordion-inner-wrap > .wp-block-kadence-pane > .kt-accordion-header-wrap > .kt-blocks-accordion-header.kt-accordion-panel-active .kt-blocks-accordion-icon-trigger:after, .kt-accordion-id25251_814fc4-80:not( .kt-accodion-icon-style-basiccircle ):not( .kt-accodion-icon-style-xclosecircle ):not( .kt-accodion-icon-style-arrowcircle )  > .kt-accordion-inner-wrap > .wp-block-kadence-pane > .kt-accordion-header-wrap > .kt-blocks-accordion-header.kt-accordion-panel-active .kt-blocks-accordion-icon-trigger:before{background:#333333;}.kt-accordion-id25251_814fc4-80:not( .kt-accodion-icon-style-basic ):not( .kt-accodion-icon-style-xclose ):not( .kt-accodion-icon-style-arrow ) .kt-blocks-accordion-header.kt-accordion-panel-active .kt-blocks-accordion-icon-trigger{background:#333333;}.kt-accordion-id25251_814fc4-80:not( .kt-accodion-icon-style-basic ):not( .kt-accodion-icon-style-xclose ):not( .kt-accodion-icon-style-arrow ) .kt-blocks-accordion-header.kt-accordion-panel-active .kt-blocks-accordion-icon-trigger:after, .kt-accordion-id25251_814fc4-80:not( .kt-accodion-icon-style-basic ):not( .kt-accodion-icon-style-xclose ):not( .kt-accodion-icon-style-arrow ) .kt-blocks-accordion-header.kt-accordion-panel-active .kt-blocks-accordion-icon-trigger:before{background:#ffffff;}@media all and (max-width: 1024px){.kt-accordion-id25251_814fc4-80 .kt-accordion-panel-inner{border-top:0px solid transparent;border-right:0px solid transparent;border-bottom:0px solid transparent;border-left:0px solid transparent;}}@media all and (max-width: 1024px){.kt-accordion-id25251_814fc4-80 > .kt-accordion-inner-wrap > .wp-block-kadence-pane > .kt-accordion-header-wrap > .kt-blocks-accordion-header{border-top:0px solid #949494;border-right:0px solid #949494;border-bottom:4px solid #949494;border-left:0px solid #949494;}}@media all and (max-width: 1024px){.kt-accordion-id25251_814fc4-80 > .kt-accordion-inner-wrap > .wp-block-kadence-pane > .kt-accordion-header-wrap > .kt-blocks-accordion-header:hover, \n\t\t\t\tbody:not(.hide-focus-outline) .kt-accordion-id25251_814fc4-80 .kt-blocks-accordion-header:focus-visible{border-top-color:#474747;border-top-style:solid;border-right-color:#474747;border-right-style:solid;border-bottom-color:#474747;border-bottom-style:solid;border-left-color:#474747;border-left-style:solid;}}@media all and (max-width: 1024px){.kt-accordion-id25251_814fc4-80 .kt-accordion-header-wrap .kt-blocks-accordion-header:focus-visible,\n\t\t\t\t.kt-accordion-id25251_814fc4-80 > .kt-accordion-inner-wrap > .wp-block-kadence-pane > .kt-accordion-header-wrap > .kt-blocks-accordion-header.kt-accordion-panel-active{border-top-color:#7997ba;border-top-style:solid;border-right-color:#7997ba;border-right-style:solid;border-bottom-color:#7997ba;border-bottom-style:solid;border-left-color:#7997ba;border-left-style:solid;}}@media all and (max-width: 767px){.kt-accordion-id25251_814fc4-80 .kt-accordion-inner-wrap{display:block;}.kt-accordion-id25251_814fc4-80 .kt-accordion-inner-wrap .kt-accordion-pane:not(:first-child){margin-top:8px;}.kt-accordion-id25251_814fc4-80 .kt-accordion-panel-inner{border-top:0px solid transparent;border-right:0px solid transparent;border-bottom:0px solid transparent;border-left:0px solid transparent;}.kt-accordion-id25251_814fc4-80 > .kt-accordion-inner-wrap > .wp-block-kadence-pane > .kt-accordion-header-wrap > .kt-blocks-accordion-header{border-top:0px solid #949494;border-right:0px solid #949494;border-bottom:4px solid #949494;border-left:0px solid #949494;}.kt-accordion-id25251_814fc4-80 > .kt-accordion-inner-wrap > .wp-block-kadence-pane > .kt-accordion-header-wrap > .kt-blocks-accordion-header:hover, \n\t\t\t\tbody:not(.hide-focus-outline) .kt-accordion-id25251_814fc4-80 .kt-blocks-accordion-header:focus-visible{border-top-color:#474747;border-top-style:solid;border-right-color:#474747;border-right-style:solid;border-bottom-color:#474747;border-bottom-style:solid;border-left-color:#474747;border-left-style:solid;}.kt-accordion-id25251_814fc4-80 .kt-accordion-header-wrap .kt-blocks-accordion-header:focus-visible,\n\t\t\t\t.kt-accordion-id25251_814fc4-80 > .kt-accordion-inner-wrap > .wp-block-kadence-pane > .kt-accordion-header-wrap > .kt-blocks-accordion-header.kt-accordion-panel-active{border-top-color:#7997ba;border-top-style:solid;border-right-color:#7997ba;border-right-style:solid;border-bottom-color:#7997ba;border-bottom-style:solid;border-left-color:#7997ba;border-left-style:solid;}}<\/style>\n<div class=\"wp-block-kadence-accordion alignnone\"><div class=\"kt-accordion-wrap kt-accordion-id25251_814fc4-80 kt-accordion-has-7-panes kt-active-pane-0 kt-accordion-block kt-pane-header-alignment-left kt-accodion-icon-style-none kt-accodion-icon-side-right\" style=\"max-width:none\"><div class=\"kt-accordion-inner-wrap\" data-allow-multiple-open=\"false\" data-start-open=\"0\">\n<div class=\"wp-block-kadence-pane kt-accordion-pane kt-accordion-pane-1 kt-pane25251_732d7a-3d\"><h3 class=\"kt-accordion-header-wrap\"><button class=\"kt-blocks-accordion-header kt-acccordion-button-label-show\" type=\"button\"><span class=\"kt-blocks-accordion-title-wrap\"><span class=\"kt-blocks-accordion-title\">Is it very cold in Tarifa in winter?<\/span><\/span><span class=\"kt-blocks-accordion-icon-trigger\"><\/span><\/button><\/h3><div class=\"kt-accordion-panel kt-accordion-panel-hidden\"><div class=\"kt-accordion-panel-inner\"><style>.wp-block-kadence-advancedheading.kt-adv-heading25251_db2ea1-a7, .wp-block-kadence-advancedheading.kt-adv-heading25251_db2ea1-a7[data-kb-block=\"kb-adv-heading25251_db2ea1-a7\"]{font-style:normal;}.wp-block-kadence-advancedheading.kt-adv-heading25251_db2ea1-a7 mark.kt-highlight, .wp-block-kadence-advancedheading.kt-adv-heading25251_db2ea1-a7[data-kb-block=\"kb-adv-heading25251_db2ea1-a7\"] mark.kt-highlight{font-style:normal;color:#f76a0c;-webkit-box-decoration-break:clone;box-decoration-break:clone;padding-top:0px;padding-right:0px;padding-bottom:0px;padding-left:0px;}.wp-block-kadence-advancedheading.kt-adv-heading25251_db2ea1-a7 img.kb-inline-image, .wp-block-kadence-advancedheading.kt-adv-heading25251_db2ea1-a7[data-kb-block=\"kb-adv-heading25251_db2ea1-a7\"] img.kb-inline-image{width:150px;vertical-align:baseline;}<\/style>\n<p class=\"kt-adv-heading25251_db2ea1-a7 wp-block-kadence-advancedheading\" data-kb-block=\"kb-adv-heading25251_db2ea1-a7\">No. Tarifa enjoys one of the <strong>mildest winters in mainland Europe<\/strong>. Daytime highs range from 15 to 18 \u00b0C and lows rarely drop below 8 \u00b0C. What affects how cold it feels is the wind, not the thermometer.   <\/p>\n<\/div><\/div><\/div>\n\n\n\n<div class=\"wp-block-kadence-pane kt-accordion-pane kt-accordion-pane-2 kt-pane25251_8ca650-ef\"><h3 class=\"kt-accordion-header-wrap\"><button class=\"kt-blocks-accordion-header kt-acccordion-button-label-show\" type=\"button\"><span class=\"kt-blocks-accordion-title-wrap\"><span class=\"kt-blocks-accordion-title\">Can you swim in the sea in winter?<\/span><\/span><span class=\"kt-blocks-accordion-icon-trigger\"><\/span><\/button><\/h3><div class=\"kt-accordion-panel kt-accordion-panel-hidden\"><div class=\"kt-accordion-panel-inner\"><style>.wp-block-kadence-advancedheading.kt-adv-heading25251_93ae17-aa, .wp-block-kadence-advancedheading.kt-adv-heading25251_93ae17-aa[data-kb-block=\"kb-adv-heading25251_93ae17-aa\"]{font-style:normal;}.wp-block-kadence-advancedheading.kt-adv-heading25251_93ae17-aa mark.kt-highlight, .wp-block-kadence-advancedheading.kt-adv-heading25251_93ae17-aa[data-kb-block=\"kb-adv-heading25251_93ae17-aa\"] mark.kt-highlight{font-style:normal;color:#f76a0c;-webkit-box-decoration-break:clone;box-decoration-break:clone;padding-top:0px;padding-right:0px;padding-bottom:0px;padding-left:0px;}.wp-block-kadence-advancedheading.kt-adv-heading25251_93ae17-aa img.kb-inline-image, .wp-block-kadence-advancedheading.kt-adv-heading25251_93ae17-aa[data-kb-block=\"kb-adv-heading25251_93ae17-aa\"] img.kb-inline-image{width:150px;vertical-align:baseline;}<\/style>\n<p class=\"kt-adv-heading25251_93ae17-aa wp-block-kadence-advancedheading\" data-kb-block=\"kb-adv-heading25251_93ae17-aa\">Sea swimming is not common during these months. Water temperature in the Strait sits around <strong>15-16 \u00b0C between January and March<\/strong>. That said, surfers and kitesurfers in thick wetsuits enjoy the sea throughout the winter.  <\/p>\n<\/div><\/div><\/div>\n\n\n\n<div class=\"wp-block-kadence-pane kt-accordion-pane kt-accordion-pane-3 kt-pane25251_6f9f19-ea\"><h3 class=\"kt-accordion-header-wrap\"><button class=\"kt-blocks-accordion-header kt-acccordion-button-label-show\" type=\"button\"><span class=\"kt-blocks-accordion-title-wrap\"><span class=\"kt-blocks-accordion-title\">Does it rain a lot in Tarifa in winter?<\/span><\/span><span class=\"kt-blocks-accordion-icon-trigger\"><\/span><\/button><\/h3><div class=\"kt-accordion-panel kt-accordion-panel-hidden\"><div class=\"kt-accordion-panel-inner\"><style>.wp-block-kadence-advancedheading.kt-adv-heading25251_072b74-fa, .wp-block-kadence-advancedheading.kt-adv-heading25251_072b74-fa[data-kb-block=\"kb-adv-heading25251_072b74-fa\"]{font-style:normal;}.wp-block-kadence-advancedheading.kt-adv-heading25251_072b74-fa mark.kt-highlight, .wp-block-kadence-advancedheading.kt-adv-heading25251_072b74-fa[data-kb-block=\"kb-adv-heading25251_072b74-fa\"] mark.kt-highlight{font-style:normal;color:#f76a0c;-webkit-box-decoration-break:clone;box-decoration-break:clone;padding-top:0px;padding-right:0px;padding-bottom:0px;padding-left:0px;}.wp-block-kadence-advancedheading.kt-adv-heading25251_072b74-fa img.kb-inline-image, .wp-block-kadence-advancedheading.kt-adv-heading25251_072b74-fa[data-kb-block=\"kb-adv-heading25251_072b74-fa\"] img.kb-inline-image{width:150px;vertical-align:baseline;}<\/style>\n<p class=\"kt-adv-heading25251_072b74-fa wp-block-kadence-advancedheading\" data-kb-block=\"kb-adv-heading25251_072b74-fa\">Rain is mostly concentrated in <strong>November <\/strong>and <strong>December<\/strong>, but it can stretch into February or even March depending on the year. Even so, the overall average is moderate compared to northern Spain, and between rainy spells you will get plenty of clear, pleasant days. Pack a light rain jacket and you will be fine.  <\/p>\n<\/div><\/div><\/div>\n\n\n\n<div class=\"wp-block-kadence-pane kt-accordion-pane kt-accordion-pane-4 kt-pane25251_9ecfa3-4b\"><h3 class=\"kt-accordion-header-wrap\"><button class=\"kt-blocks-accordion-header kt-acccordion-button-label-show\" type=\"button\"><span class=\"kt-blocks-accordion-title-wrap\"><span class=\"kt-blocks-accordion-title\">Is it worth visiting Tarifa in January or February?<\/span><\/span><span class=\"kt-blocks-accordion-icon-trigger\"><\/span><\/button><\/h3><div class=\"kt-accordion-panel kt-accordion-panel-hidden\"><div class=\"kt-accordion-panel-inner\"><style>.wp-block-kadence-advancedheading.kt-adv-heading25251_73c06a-6f, .wp-block-kadence-advancedheading.kt-adv-heading25251_73c06a-6f[data-kb-block=\"kb-adv-heading25251_73c06a-6f\"]{font-style:normal;}.wp-block-kadence-advancedheading.kt-adv-heading25251_73c06a-6f mark.kt-highlight, .wp-block-kadence-advancedheading.kt-adv-heading25251_73c06a-6f[data-kb-block=\"kb-adv-heading25251_73c06a-6f\"] mark.kt-highlight{font-style:normal;color:#f76a0c;-webkit-box-decoration-break:clone;box-decoration-break:clone;padding-top:0px;padding-right:0px;padding-bottom:0px;padding-left:0px;}.wp-block-kadence-advancedheading.kt-adv-heading25251_73c06a-6f img.kb-inline-image, .wp-block-kadence-advancedheading.kt-adv-heading25251_73c06a-6f[data-kb-block=\"kb-adv-heading25251_73c06a-6f\"] img.kb-inline-image{width:150px;vertical-align:baseline;}<\/style>\n<p class=\"kt-adv-heading25251_73c06a-6f wp-block-kadence-advancedheading\" data-kb-block=\"kb-adv-heading25251_73c06a-6f\">Absolutely, especially if you are after<strong> peace, nature and lower prices<\/strong>. These are ideal months for hiking, birdwatching, kitesurfing with Levante wind and local food. The town returns to its local rhythm and offers a far more authentic experience.  <\/p>\n<\/div><\/div><\/div>\n\n\n\n<div class=\"wp-block-kadence-pane kt-accordion-pane kt-accordion-pane-5 kt-pane25251_2c72c0-a7\"><h3 class=\"kt-accordion-header-wrap\"><button class=\"kt-blocks-accordion-header kt-acccordion-button-label-show\" type=\"button\"><span class=\"kt-blocks-accordion-title-wrap\"><span class=\"kt-blocks-accordion-title\">Is everything open outside peak season?<\/span><\/span><span class=\"kt-blocks-accordion-icon-trigger\"><\/span><\/button><\/h3><div class=\"kt-accordion-panel kt-accordion-panel-hidden\"><div class=\"kt-accordion-panel-inner\"><style>.wp-block-kadence-advancedheading.kt-adv-heading25251_5e3c6f-95, .wp-block-kadence-advancedheading.kt-adv-heading25251_5e3c6f-95[data-kb-block=\"kb-adv-heading25251_5e3c6f-95\"]{font-style:normal;}.wp-block-kadence-advancedheading.kt-adv-heading25251_5e3c6f-95 mark.kt-highlight, .wp-block-kadence-advancedheading.kt-adv-heading25251_5e3c6f-95[data-kb-block=\"kb-adv-heading25251_5e3c6f-95\"] mark.kt-highlight{font-style:normal;color:#f76a0c;-webkit-box-decoration-break:clone;box-decoration-break:clone;padding-top:0px;padding-right:0px;padding-bottom:0px;padding-left:0px;}.wp-block-kadence-advancedheading.kt-adv-heading25251_5e3c6f-95 img.kb-inline-image, .wp-block-kadence-advancedheading.kt-adv-heading25251_5e3c6f-95[data-kb-block=\"kb-adv-heading25251_5e3c6f-95\"] img.kb-inline-image{width:150px;vertical-align:baseline;}<\/style>\n<p class=\"kt-adv-heading25251_5e3c6f-95 wp-block-kadence-advancedheading\" data-kb-block=\"kb-adv-heading25251_5e3c6f-95\">Not everything. A significant number of restaurants, beach bars and shops close <strong>during the low season<\/strong>, and it is worth bearing that in mind. Even so, the old town maintains enough cafes, taverns and stores to keep you well looked after. In fact, the places that stay open tend to offer a more personal and genuine experience, with local warmth and none of the summer rush.   <\/p>\n<\/div><\/div><\/div>\n\n\n\n<div class=\"wp-block-kadence-pane kt-accordion-pane kt-accordion-pane-7 kt-pane25251_6bd96e-6f\"><h3 class=\"kt-accordion-header-wrap\"><button class=\"kt-blocks-accordion-header kt-acccordion-button-label-show\" type=\"button\"><span class=\"kt-blocks-accordion-title-wrap\"><span class=\"kt-blocks-accordion-title\">Is winter a good time for kitesurfing?<\/span><\/span><span class=\"kt-blocks-accordion-icon-trigger\"><\/span><\/button><\/h3><div class=\"kt-accordion-panel kt-accordion-panel-hidden\"><div class=\"kt-accordion-panel-inner\"><style>.wp-block-kadence-advancedheading.kt-adv-heading25251_e55e98-77, .wp-block-kadence-advancedheading.kt-adv-heading25251_e55e98-77[data-kb-block=\"kb-adv-heading25251_e55e98-77\"]{font-style:normal;}.wp-block-kadence-advancedheading.kt-adv-heading25251_e55e98-77 mark.kt-highlight, .wp-block-kadence-advancedheading.kt-adv-heading25251_e55e98-77[data-kb-block=\"kb-adv-heading25251_e55e98-77\"] mark.kt-highlight{font-style:normal;color:#f76a0c;-webkit-box-decoration-break:clone;box-decoration-break:clone;padding-top:0px;padding-right:0px;padding-bottom:0px;padding-left:0px;}.wp-block-kadence-advancedheading.kt-adv-heading25251_e55e98-77 img.kb-inline-image, .wp-block-kadence-advancedheading.kt-adv-heading25251_e55e98-77[data-kb-block=\"kb-adv-heading25251_e55e98-77\"] img.kb-inline-image{width:150px;vertical-align:baseline;}<\/style>\n<p class=\"kt-adv-heading25251_e55e98-77 wp-block-kadence-advancedheading\" data-kb-block=\"kb-adv-heading25251_e55e98-77\">Yes, particularly for <strong>intermediate and advanced riders<\/strong>. Winter Levante winds are consistent and the beaches are far less crowded than in summer. You will need a thick wetsuit, gloves and booties, but conditions are excellent.  <\/p>\n\n\n\n<div style=\"height:40px\" aria-hidden=\"true\" class=\"wp-block-spacer\"><\/div>\n\n\n\n<div style=\"height:40px\" aria-hidden=\"true\" class=\"wp-block-spacer\"><\/div>\n<\/div><\/div><\/div>\n<\/div><\/div><\/div>\n\n\n\n<div style=\"height:80px\" aria-hidden=\"true\" class=\"wp-block-spacer\"><\/div>\n\n\n\n<script type=\"application\/ld+json\">\n{\n  \"@context\": \"https:\/\/schema.org\",\n  \"@type\": \"FAQPage\",\n  \"mainEntity\": [\n\t{\n  \t\"@type\": \"Question\",\n  \t\"name\": \"Is it very cold in Tarifa in winter?\",\n  \t\"acceptedAnswer\": {\n    \t\"@type\": \"Answer\",\n    \t\"text\": \"Tarifa enjoys one of the mildest winters in mainland Europe. Daytime highs range from 15 to 18 \u00b0C and lows rarely drop below 8 \u00b0C. Wind chill is the main factor affecting perceived temperature.\"\n  \t}\n\t},\n\t{\n  \t\"@type\": \"Question\",\n  \t\"name\": \"Can you swim in the sea in winter?\",\n  \t\"acceptedAnswer\": {\n    \t\"@type\": \"Answer\",\n    \t\"text\": \"Sea swimming is uncommon. Water temperature in the Strait sits around 15-16 \u00b0C between January and March. Surfers and kitesurfers in thick wetsuits enjoy the sea year-round.\"\n  \t}\n\t},\n\t{\n  \t\"@type\": \"Question\",\n  \t\"name\": \"Does it rain a lot in Tarifa in winter?\",\n  \t\"acceptedAnswer\": {\n    \t\"@type\": \"Answer\",\n    \t\"text\": \"Rain is mostly concentrated in November and December but can extend into February or March. The overall average is moderate, and between rainy spells there are plenty of clear, pleasant days.\"\n  \t}\n\t},\n\t{\n  \t\"@type\": \"Question\",\n  \t\"name\": \"Is it worth visiting Tarifa in January or February?\",\n  \t\"acceptedAnswer\": {\n    \t\"@type\": \"Answer\",\n    \t\"text\": \"Yes. These are ideal months for hiking, birdwatching, kitesurfing with Levante wind and local gastronomy, with peace and lower prices than peak season.\"\n  \t}\n\t},\n\t{\n  \t\"@type\": \"Question\",\n  \t\"name\": \"Is everything open outside peak season?\",\n  \t\"acceptedAnswer\": {\n    \t\"@type\": \"Answer\",\n    \t\"text\": \"Not everything. A significant number of restaurants and beach bars close in the low season, but the old town maintains enough cafes, taverns and shops. The places that stay open tend to offer a more personal, genuine experience.\"\n  \t}\n\t},\n\t{\n  \t\"@type\": \"Question\",\n  \t\"name\": \"Is winter a good time for kitesurfing?\",\n  \t\"acceptedAnswer\": {\n    \t\"@type\": \"Answer\",\n    \t\"text\": \"Yes, especially for intermediate and advanced riders. Winter Levante winds are consistent and beaches are far less crowded. A thick wetsuit, gloves and booties are essential.\"\n  \t}\n\t}\n  ]\n}\n<\/script>\n\n","protected":false},"excerpt":{"rendered":"<p>Visiting Tarifa in winter is not a second-best alternative to summer. It is an entirely different experience. Between November and March, the southernmost town in mainland Europe shifts its pace, empties of crowds and reveals its most authentic side. In this guide you will find everything you need to know before planning your trip: what [&hellip;]<\/p>\n","protected":false},"author":1,"featured_media":25229,"comment_status":"open","ping_status":"open","sticky":false,"template":"","format":"standard","meta":{"_acf_changed":false,"footnotes":""},"categories":[120],"tags":[],"class_list":["post-25251","post","type-post","status-publish","format-standard","has-post-thumbnail","hentry","category-apartamentos-en"],"acf":[],"yoast_head":"<!-- This site is optimized with the Yoast SEO plugin v27.4 - https:\/\/yoast.com\/product\/yoast-seo-wordpress\/ -->\n<title>Tarifa in Winter | Apartamentos La Residencia Tarifa<\/title>\n<meta name=\"description\" content=\"Discover what to do in Tarifa in winter: weather, activities, food and tips for your off-season getaway. Plan your visit to southern Spain.\" \/>\n<meta name=\"robots\" content=\"index, follow, max-snippet:-1, max-image-preview:large, max-video-preview:-1\" \/>\n<link rel=\"canonical\" href=\"https:\/\/laresidenciatarifa.com\/en\/tarifa-in-winter-things-to-do-weather-and-tips-for-your-getaway\/\" \/>\n<meta property=\"og:locale\" content=\"en_US\" \/>\n<meta property=\"og:type\" content=\"article\" \/>\n<meta property=\"og:title\" content=\"Tarifa in Winter | Apartamentos La Residencia Tarifa\" \/>\n<meta property=\"og:description\" content=\"Discover what to do in Tarifa in winter: weather, activities, food and tips for your off-season getaway. Plan your visit to southern Spain.\" \/>\n<meta property=\"og:url\" content=\"https:\/\/laresidenciatarifa.com\/en\/tarifa-in-winter-things-to-do-weather-and-tips-for-your-getaway\/\" \/>\n<meta property=\"og:site_name\" content=\"La Residencia Tarifa\" \/>\n<meta property=\"article:published_time\" content=\"2026-04-29T07:58:17+00:00\" \/>\n<meta property=\"article:modified_time\" content=\"2026-04-29T09:50:12+00:00\" \/>\n<meta property=\"og:image\" content=\"https:\/\/laresidenciatarifa.com\/wp-content\/uploads\/2026\/04\/tarifa-en-invierno.webp\" \/>\n\t<meta property=\"og:image:width\" content=\"1200\" \/>\n\t<meta property=\"og:image:height\" content=\"628\" \/>\n\t<meta property=\"og:image:type\" content=\"image\/webp\" \/>\n<meta name=\"author\" content=\"ResidenciaTarifa\" \/>\n<meta name=\"twitter:card\" content=\"summary_large_image\" \/>\n<meta name=\"twitter:label1\" content=\"Written by\" \/>\n\t<meta name=\"twitter:data1\" content=\"ResidenciaTarifa\" \/>\n\t<meta name=\"twitter:label2\" content=\"Est. reading time\" \/>\n\t<meta name=\"twitter:data2\" content=\"10 minutes\" \/>\n<script type=\"application\/ld+json\" class=\"yoast-schema-graph\">{\"@context\":\"https:\\\/\\\/schema.org\",\"@graph\":[{\"@type\":\"Article\",\"@id\":\"https:\\\/\\\/laresidenciatarifa.com\\\/en\\\/tarifa-in-winter-things-to-do-weather-and-tips-for-your-getaway\\\/#article\",\"isPartOf\":{\"@id\":\"https:\\\/\\\/laresidenciatarifa.com\\\/en\\\/tarifa-in-winter-things-to-do-weather-and-tips-for-your-getaway\\\/\"},\"author\":{\"name\":\"ResidenciaTarifa\",\"@id\":\"https:\\\/\\\/laresidenciatarifa.com\\\/en\\\/#\\\/schema\\\/person\\\/7e6db4007ae90691248a0b2d56a3a233\"},\"headline\":\"Tarifa in winter: things to do, weather and tips for your getaway\",\"datePublished\":\"2026-04-29T07:58:17+00:00\",\"dateModified\":\"2026-04-29T09:50:12+00:00\",\"mainEntityOfPage\":{\"@id\":\"https:\\\/\\\/laresidenciatarifa.com\\\/en\\\/tarifa-in-winter-things-to-do-weather-and-tips-for-your-getaway\\\/\"},\"wordCount\":1971,\"commentCount\":0,\"publisher\":{\"@id\":\"https:\\\/\\\/laresidenciatarifa.com\\\/en\\\/#organization\"},\"image\":{\"@id\":\"https:\\\/\\\/laresidenciatarifa.com\\\/en\\\/tarifa-in-winter-things-to-do-weather-and-tips-for-your-getaway\\\/#primaryimage\"},\"thumbnailUrl\":\"https:\\\/\\\/laresidenciatarifa.com\\\/wp-content\\\/uploads\\\/2026\\\/04\\\/tarifa-en-invierno.webp\",\"articleSection\":[\"Apartamentos\"],\"inLanguage\":\"en-US\",\"potentialAction\":[{\"@type\":\"CommentAction\",\"name\":\"Comment\",\"target\":[\"https:\\\/\\\/laresidenciatarifa.com\\\/en\\\/tarifa-in-winter-things-to-do-weather-and-tips-for-your-getaway\\\/#respond\"]}]},{\"@type\":\"WebPage\",\"@id\":\"https:\\\/\\\/laresidenciatarifa.com\\\/en\\\/tarifa-in-winter-things-to-do-weather-and-tips-for-your-getaway\\\/\",\"url\":\"https:\\\/\\\/laresidenciatarifa.com\\\/en\\\/tarifa-in-winter-things-to-do-weather-and-tips-for-your-getaway\\\/\",\"name\":\"Tarifa in Winter | Apartamentos La Residencia Tarifa\",\"isPartOf\":{\"@id\":\"https:\\\/\\\/laresidenciatarifa.com\\\/en\\\/#website\"},\"primaryImageOfPage\":{\"@id\":\"https:\\\/\\\/laresidenciatarifa.com\\\/en\\\/tarifa-in-winter-things-to-do-weather-and-tips-for-your-getaway\\\/#primaryimage\"},\"image\":{\"@id\":\"https:\\\/\\\/laresidenciatarifa.com\\\/en\\\/tarifa-in-winter-things-to-do-weather-and-tips-for-your-getaway\\\/#primaryimage\"},\"thumbnailUrl\":\"https:\\\/\\\/laresidenciatarifa.com\\\/wp-content\\\/uploads\\\/2026\\\/04\\\/tarifa-en-invierno.webp\",\"datePublished\":\"2026-04-29T07:58:17+00:00\",\"dateModified\":\"2026-04-29T09:50:12+00:00\",\"description\":\"Discover what to do in Tarifa in winter: weather, activities, food and tips for your off-season getaway. Plan your visit to southern Spain.\",\"breadcrumb\":{\"@id\":\"https:\\\/\\\/laresidenciatarifa.com\\\/en\\\/tarifa-in-winter-things-to-do-weather-and-tips-for-your-getaway\\\/#breadcrumb\"},\"inLanguage\":\"en-US\",\"potentialAction\":[{\"@type\":\"ReadAction\",\"target\":[\"https:\\\/\\\/laresidenciatarifa.com\\\/en\\\/tarifa-in-winter-things-to-do-weather-and-tips-for-your-getaway\\\/\"]}]},{\"@type\":\"ImageObject\",\"inLanguage\":\"en-US\",\"@id\":\"https:\\\/\\\/laresidenciatarifa.com\\\/en\\\/tarifa-in-winter-things-to-do-weather-and-tips-for-your-getaway\\\/#primaryimage\",\"url\":\"https:\\\/\\\/laresidenciatarifa.com\\\/wp-content\\\/uploads\\\/2026\\\/04\\\/tarifa-en-invierno.webp\",\"contentUrl\":\"https:\\\/\\\/laresidenciatarifa.com\\\/wp-content\\\/uploads\\\/2026\\\/04\\\/tarifa-en-invierno.webp\",\"width\":1200,\"height\":628,\"caption\":\"Vista del casco hist\u00f3rico de Tarifa en invierno desde la muralla\"},{\"@type\":\"BreadcrumbList\",\"@id\":\"https:\\\/\\\/laresidenciatarifa.com\\\/en\\\/tarifa-in-winter-things-to-do-weather-and-tips-for-your-getaway\\\/#breadcrumb\",\"itemListElement\":[{\"@type\":\"ListItem\",\"position\":1,\"name\":\"Portada\",\"item\":\"https:\\\/\\\/laresidenciatarifa.com\\\/en\\\/\"},{\"@type\":\"ListItem\",\"position\":2,\"name\":\"Tarifa in winter: things to do, weather and tips for your getaway\"}]},{\"@type\":\"WebSite\",\"@id\":\"https:\\\/\\\/laresidenciatarifa.com\\\/en\\\/#website\",\"url\":\"https:\\\/\\\/laresidenciatarifa.com\\\/en\\\/\",\"name\":\"La Residencia Tarifa\",\"description\":\"Hotel, apartamentos, spa y restaurante\",\"publisher\":{\"@id\":\"https:\\\/\\\/laresidenciatarifa.com\\\/en\\\/#organization\"},\"potentialAction\":[{\"@type\":\"SearchAction\",\"target\":{\"@type\":\"EntryPoint\",\"urlTemplate\":\"https:\\\/\\\/laresidenciatarifa.com\\\/en\\\/?s={search_term_string}\"},\"query-input\":{\"@type\":\"PropertyValueSpecification\",\"valueRequired\":true,\"valueName\":\"search_term_string\"}}],\"inLanguage\":\"en-US\"},{\"@type\":\"Organization\",\"@id\":\"https:\\\/\\\/laresidenciatarifa.com\\\/en\\\/#organization\",\"name\":\"La Residencia Tarifa\",\"url\":\"https:\\\/\\\/laresidenciatarifa.com\\\/en\\\/\",\"logo\":{\"@type\":\"ImageObject\",\"inLanguage\":\"en-US\",\"@id\":\"https:\\\/\\\/laresidenciatarifa.com\\\/en\\\/#\\\/schema\\\/logo\\\/image\\\/\",\"url\":\"https:\\\/\\\/laresidenciatarifa.com\\\/wp-content\\\/uploads\\\/2022\\\/12\\\/logoLaResidencia.png\",\"contentUrl\":\"https:\\\/\\\/laresidenciatarifa.com\\\/wp-content\\\/uploads\\\/2022\\\/12\\\/logoLaResidencia.png\",\"width\":113,\"height\":75,\"caption\":\"La Residencia Tarifa\"},\"image\":{\"@id\":\"https:\\\/\\\/laresidenciatarifa.com\\\/en\\\/#\\\/schema\\\/logo\\\/image\\\/\"}},{\"@type\":\"Person\",\"@id\":\"https:\\\/\\\/laresidenciatarifa.com\\\/en\\\/#\\\/schema\\\/person\\\/7e6db4007ae90691248a0b2d56a3a233\",\"name\":\"ResidenciaTarifa\",\"image\":{\"@type\":\"ImageObject\",\"inLanguage\":\"en-US\",\"@id\":\"https:\\\/\\\/laresidenciatarifa.com\\\/wp-content\\\/litespeed\\\/avatar\\\/de5bbd0494c0f9d82546ea1e2ab85b81.jpg?ver=1777024857\",\"url\":\"https:\\\/\\\/laresidenciatarifa.com\\\/wp-content\\\/litespeed\\\/avatar\\\/de5bbd0494c0f9d82546ea1e2ab85b81.jpg?ver=1777024857\",\"contentUrl\":\"https:\\\/\\\/laresidenciatarifa.com\\\/wp-content\\\/litespeed\\\/avatar\\\/de5bbd0494c0f9d82546ea1e2ab85b81.jpg?ver=1777024857\",\"caption\":\"ResidenciaTarifa\"},\"sameAs\":[\"https:\\\/\\\/laresidenciatarifa.com\"],\"url\":\"https:\\\/\\\/laresidenciatarifa.com\\\/en\\\/author\\\/admin\\\/\"}]}<\/script>\n<!-- \/ Yoast SEO plugin. -->","yoast_head_json":{"title":"Tarifa in Winter | Apartamentos La Residencia Tarifa","description":"Discover what to do in Tarifa in winter: weather, activities, food and tips for your off-season getaway. Plan your visit to southern Spain.","robots":{"index":"index","follow":"follow","max-snippet":"max-snippet:-1","max-image-preview":"max-image-preview:large","max-video-preview":"max-video-preview:-1"},"canonical":"https:\/\/laresidenciatarifa.com\/en\/tarifa-in-winter-things-to-do-weather-and-tips-for-your-getaway\/","og_locale":"en_US","og_type":"article","og_title":"Tarifa in Winter | Apartamentos La Residencia Tarifa","og_description":"Discover what to do in Tarifa in winter: weather, activities, food and tips for your off-season getaway. Plan your visit to southern Spain.","og_url":"https:\/\/laresidenciatarifa.com\/en\/tarifa-in-winter-things-to-do-weather-and-tips-for-your-getaway\/","og_site_name":"La Residencia Tarifa","article_published_time":"2026-04-29T07:58:17+00:00","article_modified_time":"2026-04-29T09:50:12+00:00","og_image":[{"width":1200,"height":628,"url":"https:\/\/laresidenciatarifa.com\/wp-content\/uploads\/2026\/04\/tarifa-en-invierno.webp","type":"image\/webp"}],"author":"ResidenciaTarifa","twitter_card":"summary_large_image","twitter_misc":{"Written by":"ResidenciaTarifa","Est. reading time":"10 minutes"},"schema":{"@context":"https:\/\/schema.org","@graph":[{"@type":"Article","@id":"https:\/\/laresidenciatarifa.com\/en\/tarifa-in-winter-things-to-do-weather-and-tips-for-your-getaway\/#article","isPartOf":{"@id":"https:\/\/laresidenciatarifa.com\/en\/tarifa-in-winter-things-to-do-weather-and-tips-for-your-getaway\/"},"author":{"name":"ResidenciaTarifa","@id":"https:\/\/laresidenciatarifa.com\/en\/#\/schema\/person\/7e6db4007ae90691248a0b2d56a3a233"},"headline":"Tarifa in winter: things to do, weather and tips for your getaway","datePublished":"2026-04-29T07:58:17+00:00","dateModified":"2026-04-29T09:50:12+00:00","mainEntityOfPage":{"@id":"https:\/\/laresidenciatarifa.com\/en\/tarifa-in-winter-things-to-do-weather-and-tips-for-your-getaway\/"},"wordCount":1971,"commentCount":0,"publisher":{"@id":"https:\/\/laresidenciatarifa.com\/en\/#organization"},"image":{"@id":"https:\/\/laresidenciatarifa.com\/en\/tarifa-in-winter-things-to-do-weather-and-tips-for-your-getaway\/#primaryimage"},"thumbnailUrl":"https:\/\/laresidenciatarifa.com\/wp-content\/uploads\/2026\/04\/tarifa-en-invierno.webp","articleSection":["Apartamentos"],"inLanguage":"en-US","potentialAction":[{"@type":"CommentAction","name":"Comment","target":["https:\/\/laresidenciatarifa.com\/en\/tarifa-in-winter-things-to-do-weather-and-tips-for-your-getaway\/#respond"]}]},{"@type":"WebPage","@id":"https:\/\/laresidenciatarifa.com\/en\/tarifa-in-winter-things-to-do-weather-and-tips-for-your-getaway\/","url":"https:\/\/laresidenciatarifa.com\/en\/tarifa-in-winter-things-to-do-weather-and-tips-for-your-getaway\/","name":"Tarifa in Winter | Apartamentos La Residencia Tarifa","isPartOf":{"@id":"https:\/\/laresidenciatarifa.com\/en\/#website"},"primaryImageOfPage":{"@id":"https:\/\/laresidenciatarifa.com\/en\/tarifa-in-winter-things-to-do-weather-and-tips-for-your-getaway\/#primaryimage"},"image":{"@id":"https:\/\/laresidenciatarifa.com\/en\/tarifa-in-winter-things-to-do-weather-and-tips-for-your-getaway\/#primaryimage"},"thumbnailUrl":"https:\/\/laresidenciatarifa.com\/wp-content\/uploads\/2026\/04\/tarifa-en-invierno.webp","datePublished":"2026-04-29T07:58:17+00:00","dateModified":"2026-04-29T09:50:12+00:00","description":"Discover what to do in Tarifa in winter: weather, activities, food and tips for your off-season getaway. Plan your visit to southern Spain.","breadcrumb":{"@id":"https:\/\/laresidenciatarifa.com\/en\/tarifa-in-winter-things-to-do-weather-and-tips-for-your-getaway\/#breadcrumb"},"inLanguage":"en-US","potentialAction":[{"@type":"ReadAction","target":["https:\/\/laresidenciatarifa.com\/en\/tarifa-in-winter-things-to-do-weather-and-tips-for-your-getaway\/"]}]},{"@type":"ImageObject","inLanguage":"en-US","@id":"https:\/\/laresidenciatarifa.com\/en\/tarifa-in-winter-things-to-do-weather-and-tips-for-your-getaway\/#primaryimage","url":"https:\/\/laresidenciatarifa.com\/wp-content\/uploads\/2026\/04\/tarifa-en-invierno.webp","contentUrl":"https:\/\/laresidenciatarifa.com\/wp-content\/uploads\/2026\/04\/tarifa-en-invierno.webp","width":1200,"height":628,"caption":"Vista del casco hist\u00f3rico de Tarifa en invierno desde la muralla"},{"@type":"BreadcrumbList","@id":"https:\/\/laresidenciatarifa.com\/en\/tarifa-in-winter-things-to-do-weather-and-tips-for-your-getaway\/#breadcrumb","itemListElement":[{"@type":"ListItem","position":1,"name":"Portada","item":"https:\/\/laresidenciatarifa.com\/en\/"},{"@type":"ListItem","position":2,"name":"Tarifa in winter: things to do, weather and tips for your getaway"}]},{"@type":"WebSite","@id":"https:\/\/laresidenciatarifa.com\/en\/#website","url":"https:\/\/laresidenciatarifa.com\/en\/","name":"La Residencia Tarifa","description":"Hotel, apartamentos, spa y restaurante","publisher":{"@id":"https:\/\/laresidenciatarifa.com\/en\/#organization"},"potentialAction":[{"@type":"SearchAction","target":{"@type":"EntryPoint","urlTemplate":"https:\/\/laresidenciatarifa.com\/en\/?s={search_term_string}"},"query-input":{"@type":"PropertyValueSpecification","valueRequired":true,"valueName":"search_term_string"}}],"inLanguage":"en-US"},{"@type":"Organization","@id":"https:\/\/laresidenciatarifa.com\/en\/#organization","name":"La Residencia Tarifa","url":"https:\/\/laresidenciatarifa.com\/en\/","logo":{"@type":"ImageObject","inLanguage":"en-US","@id":"https:\/\/laresidenciatarifa.com\/en\/#\/schema\/logo\/image\/","url":"https:\/\/laresidenciatarifa.com\/wp-content\/uploads\/2022\/12\/logoLaResidencia.png","contentUrl":"https:\/\/laresidenciatarifa.com\/wp-content\/uploads\/2022\/12\/logoLaResidencia.png","width":113,"height":75,"caption":"La Residencia Tarifa"},"image":{"@id":"https:\/\/laresidenciatarifa.com\/en\/#\/schema\/logo\/image\/"}},{"@type":"Person","@id":"https:\/\/laresidenciatarifa.com\/en\/#\/schema\/person\/7e6db4007ae90691248a0b2d56a3a233","name":"ResidenciaTarifa","image":{"@type":"ImageObject","inLanguage":"en-US","@id":"https:\/\/laresidenciatarifa.com\/wp-content\/litespeed\/avatar\/de5bbd0494c0f9d82546ea1e2ab85b81.jpg?ver=1777024857","url":"https:\/\/laresidenciatarifa.com\/wp-content\/litespeed\/avatar\/de5bbd0494c0f9d82546ea1e2ab85b81.jpg?ver=1777024857","contentUrl":"https:\/\/laresidenciatarifa.com\/wp-content\/litespeed\/avatar\/de5bbd0494c0f9d82546ea1e2ab85b81.jpg?ver=1777024857","caption":"ResidenciaTarifa"},"sameAs":["https:\/\/laresidenciatarifa.com"],"url":"https:\/\/laresidenciatarifa.com\/en\/author\/admin\/"}]}},"_links":{"self":[{"href":"https:\/\/laresidenciatarifa.com\/en\/wp-json\/wp\/v2\/posts\/25251","targetHints":{"allow":["GET"]}}],"collection":[{"href":"https:\/\/laresidenciatarifa.com\/en\/wp-json\/wp\/v2\/posts"}],"about":[{"href":"https:\/\/laresidenciatarifa.com\/en\/wp-json\/wp\/v2\/types\/post"}],"author":[{"embeddable":true,"href":"https:\/\/laresidenciatarifa.com\/en\/wp-json\/wp\/v2\/users\/1"}],"replies":[{"embeddable":true,"href":"https:\/\/laresidenciatarifa.com\/en\/wp-json\/wp\/v2\/comments?post=25251"}],"version-history":[{"count":4,"href":"https:\/\/laresidenciatarifa.com\/en\/wp-json\/wp\/v2\/posts\/25251\/revisions"}],"predecessor-version":[{"id":25257,"href":"https:\/\/laresidenciatarifa.com\/en\/wp-json\/wp\/v2\/posts\/25251\/revisions\/25257"}],"wp:featuredmedia":[{"embeddable":true,"href":"https:\/\/laresidenciatarifa.com\/en\/wp-json\/wp\/v2\/media\/25229"}],"wp:attachment":[{"href":"https:\/\/laresidenciatarifa.com\/en\/wp-json\/wp\/v2\/media?parent=25251"}],"wp:term":[{"taxonomy":"category","embeddable":true,"href":"https:\/\/laresidenciatarifa.com\/en\/wp-json\/wp\/v2\/categories?post=25251"},{"taxonomy":"post_tag","embeddable":true,"href":"https:\/\/laresidenciatarifa.com\/en\/wp-json\/wp\/v2\/tags?post=25251"}],"curies":[{"name":"wp","href":"https:\/\/api.w.org\/{rel}","templated":true}]}}